{"id":11,"date":"2022-06-02T16:40:06","date_gmt":"2022-06-02T19:40:06","guid":{"rendered":"https:\/\/avisobr.com\/blog\/?p=11"},"modified":"2022-06-02T16:41:50","modified_gmt":"2022-06-02T19:41:50","slug":"saiba-tudo-sobre-corte-e-gravacao-a-laser-em-metal-em-pirituba","status":"publish","type":"post","link":"https:\/\/avisobr.com\/blog\/corte-a-laser\/saiba-tudo-sobre-corte-e-gravacao-a-laser-em-metal-em-pirituba\/","title":{"rendered":"Saiba tudo sobre corte e grava\u00e7\u00e3o a laser em metal em Pirituba"},"content":{"rendered":"\n<p>Atividades de corte e grava\u00e7\u00e3o a laser em metal em Pirituba devem ser direcionadas apenas a profissionais capacitados, uma vez que o manuseio incorreto de m\u00e1quinas ou a confec\u00e7\u00e3o de produtos de baixa qualidade pode gerar graves acidentes. Por isso, antes de investir nesse segmento, \u00e9 necess\u00e1rio conhecer mais sobre esse setor e exigir de seus fornecedores a qualidade e a seguran\u00e7a que seus projetos merecem.&nbsp;<\/p>\n\n\n\n<h2 class=\"wp-block-heading\">Como ocorre o corte e grava\u00e7\u00e3o a laser em metal em Pirituba?<\/h2>\n\n\n\n<p>O corte e grava\u00e7\u00e3o a laser ocorrem de maneira bastante similar, usando, inclusive, as mesmas m\u00e1quinas e ferramentas, com pequenas varia\u00e7\u00f5es de acordo com a espessura e outras caracter\u00edsticas da mat\u00e9ria-prima.&nbsp;<\/p>\n\n\n\n<p>Em geral, os produtos que realizam essas fun\u00e7\u00f5es fazem parte de um grupo chamado CNC, sigla para Controle Num\u00e9rico Computadorizado. Traduzindo, isso significa que, para realizar suas a\u00e7\u00f5es, esses equipamentos utilizam a rob\u00f3tica aliada a dados digitais muito precisos.&nbsp;<\/p>\n\n\n\n<p>Na pr\u00e1tica, esses itens funcionam por meio de uma quantidade variada de eixos, que muda de acordo com a fabricante e o modelo dessas m\u00e1quinas. Juntos, eles s\u00e3o capazes de reproduzir formatos programados em qualquer dire\u00e7\u00e3o, fazendo com que o corte e grava\u00e7\u00e3o a laser em metal em Pirituba ocorra com uma precis\u00e3o que, provavelmente, jamais poderia ser alcan\u00e7ada atrav\u00e9s de habilidades humanas.&nbsp;<\/p>\n\n\n\n<h3 class=\"wp-block-heading\">E quais as diferen\u00e7as entre o corte e a grava\u00e7\u00e3o?<\/h3>\n\n\n\n<p>Para definir quais fun\u00e7\u00f5es ser\u00e3o realizadas atrav\u00e9s da m\u00e1quina de corte e grava\u00e7\u00e3o a laser em metal em Pirituba, \u00e9 necess\u00e1rio utilizar um software, geralmente associado a cada modelo ou fabricante.&nbsp;<\/p>\n\n\n\n<p>Atrav\u00e9s dele, o pr\u00f3prio consumidor define formatos, movimentos e, principalmente, a intensidade do disparo realizado por esses produtos. \u00c9 atrav\u00e9s dessa etapa que o usu\u00e1rio vai comunicar e especificar para esses itens seus desejos e necessidades.&nbsp;<\/p>\n\n\n<div class=\"wp-block-image\">\n<figure class=\"aligncenter size-full\"><img decoding=\"async\" loading=\"lazy\" width=\"515\" height=\"263\" src=\"http:\/\/avisobr.com\/blog\/wp-content\/uploads\/2022\/06\/laser-fiber-gsf.jpg\" alt=\"\" class=\"wp-image-14\" srcset=\"https:\/\/avisobr.com\/blog\/wp-content\/uploads\/2022\/06\/laser-fiber-gsf.jpg 515w, https:\/\/avisobr.com\/blog\/wp-content\/uploads\/2022\/06\/laser-fiber-gsf-300x153.jpg 300w\" sizes=\"(max-width: 515px) 100vw, 515px\" \/><\/figure><\/div>\n\n\n<p>Por isso, \u00e9 fundamental que <a href=\"https:\/\/avisobr.com\/blog\/\" target=\"_blank\" rel=\"noreferrer noopener\">profissionais especializados<\/a> nesse tema sejam encarregados de realizar todo esse processo. Afinal, erros de c\u00e1lculo referentes \u00e0 densidade e \u00e0 qualidade da mat\u00e9ria-prima, \u00e0 espessura, ao tamanho e qualquer outra caracter\u00edstica f\u00edsica pode gerar um grande desperd\u00edcio de papel e, em alguns casos, at\u00e9 acidentes graves.\u00a0<\/p>\n\n\n\n<p>Essa diferen\u00e7a pode ser percebida atrav\u00e9s de um <a href=\"https:\/\/www.youtube.com\/watch?v=93RflztQPuw\" target=\"_blank\" rel=\"noreferrer noopener\">material educativo desenvolvido pelo Manual do Mundo, publicado em 18 de abril de 2019<\/a> em um dos canais de comunica\u00e7\u00e3o da empresa.&nbsp;<\/p>\n\n\n\n<h4 class=\"wp-block-heading\">Onde investir em corte e grava\u00e7\u00e3o a laser em metal em Pirituba?&nbsp;<\/h4>\n\n\n\n<p>Considerando que esse local possui diversas possibilidades para se investir nesse segmento, \u00e9 fundamental direcionar aplica\u00e7\u00f5es para companhias que cumpram com todos os requisitos citados acima. Por isso, a <a href=\"https:\/\/www.avisobr.com\/\" target=\"_blank\" rel=\"noreferrer noopener\">Aviso BR<\/a> \u00e9 altamente recomendada.&nbsp;<\/p>\n\n\n\n<p>H\u00e1 anos atuando nesse segmento, a companhia conquistou espa\u00e7o no mercado de corte e grava\u00e7\u00e3o a laser em metal em Pirituba e, hoje, j\u00e1 \u00e9 uma refer\u00eancia na regi\u00e3o.&nbsp;<\/p>\n\n\n\n<p>Utilizando tecnologias de ponta e profissionais extremamente capacitados, que seguem todas as medidas de seguran\u00e7a exigidas para esse meio, a empresa garante a qualidade e a efici\u00eancia de seus bens e servi\u00e7os, mesmo em projetos voltados a iniciativas de pequeno e m\u00e9dio porte.&nbsp;<\/p>\n\n\n\n<p>Por isso, se estiver \u00e0 procura de corte e grava\u00e7\u00e3o a laser em metal em Pirituba, <a href=\"https:\/\/www.avisobr.com\/router-cnc-contato\" target=\"_blank\" rel=\"noreferrer noopener\">entre em contato com a Aviso BR e solicite um or\u00e7amento<\/a>.&nbsp;<\/p>\n","protected":false},"excerpt":{"rendered":"<p>Atividades de corte e grava\u00e7\u00e3o a laser em metal em Pirituba devem ser direcionadas apenas a profissionais capacitados, uma vez que o manuseio incorreto de m\u00e1quinas ou a confec\u00e7\u00e3o de produtos de baixa qualidade pode gerar graves acidentes. Por isso,&#8230;<\/p>\n","protected":false},"author":1,"featured_media":13,"comment_status":"open","ping_status":"open","sticky":false,"template":"","format":"standard","meta":[],"categories":[4,5],"tags":[11,7,10,8,9,6],"yoast_head":"<!-- This site is optimized with the Yoast SEO plugin v20.2.1 - https:\/\/yoast.com\/wordpress\/plugins\/seo\/ -->\n<title>Saiba tudo sobre corte e grava\u00e7\u00e3o a laser em metal em Pirituba<\/title>\n<meta name=\"description\" content=\"Saiba tudo sobre corte e grava\u00e7\u00e3o a laser em metal em Pirituba e conhe\u00e7a a melhor op\u00e7\u00e3o da regi\u00e3o para investir nesse segmento.\" \/>\n<meta name=\"robots\" content=\"index, follow, max-snippet:-1, max-image-preview:large, max-video-preview:-1\" \/>\n<link rel=\"canonical\" href=\"https:\/\/avisobr.com\/blog\/corte-a-laser\/saiba-tudo-sobre-corte-e-gravacao-a-laser-em-metal-em-pirituba\/\" \/>\n<meta property=\"og:locale\" content=\"en_US\" \/>\n<meta property=\"og:type\" content=\"article\" \/>\n<meta property=\"og:title\" content=\"Saiba tudo sobre corte e grava\u00e7\u00e3o a laser em metal em Pirituba\" \/>\n<meta property=\"og:description\" content=\"Saiba tudo sobre corte e grava\u00e7\u00e3o a laser em metal em Pirituba e conhe\u00e7a a melhor op\u00e7\u00e3o da regi\u00e3o para investir nesse segmento.\" \/>\n<meta property=\"og:url\" content=\"https:\/\/avisobr.com\/blog\/corte-a-laser\/saiba-tudo-sobre-corte-e-gravacao-a-laser-em-metal-em-pirituba\/\" \/>\n<meta property=\"og:site_name\" content=\"Aviso BR\" \/>\n<meta property=\"article:published_time\" content=\"2022-06-02T19:40:06+00:00\" \/>\n<meta property=\"article:modified_time\" content=\"2022-06-02T19:41:50+00:00\" \/>\n<meta property=\"og:image\" content=\"https:\/\/avisobr.com\/blog\/wp-content\/uploads\/2022\/06\/izis-laser.jpg\" \/>\n\t<meta property=\"og:image:width\" content=\"514\" \/>\n\t<meta property=\"og:image:height\" content=\"399\" \/>\n\t<meta property=\"og:image:type\" content=\"image\/jpeg\" \/>\n<meta name=\"author\" content=\"avisobr\" \/>\n<meta name=\"twitter:card\" content=\"summary_large_image\" \/>\n<meta name=\"twitter:label1\" content=\"Written by\" \/>\n\t<meta name=\"twitter:data1\" content=\"avisobr\" \/>\n\t<meta name=\"twitter:label2\" content=\"Est. reading time\" \/>\n\t<meta name=\"twitter:data2\" content=\"4 minutes\" \/>\n<script type=\"application\/ld+json\" class=\"yoast-schema-graph\">{\"@context\":\"https:\/\/schema.org\",\"@graph\":[{\"@type\":\"Article\",\"@id\":\"https:\/\/avisobr.com\/blog\/corte-a-laser\/saiba-tudo-sobre-corte-e-gravacao-a-laser-em-metal-em-pirituba\/#article\",\"isPartOf\":{\"@id\":\"https:\/\/avisobr.com\/blog\/corte-a-laser\/saiba-tudo-sobre-corte-e-gravacao-a-laser-em-metal-em-pirituba\/\"},\"author\":{\"name\":\"avisobr\",\"@id\":\"https:\/\/avisobr.com\/blog\/#\/schema\/person\/75a498ba6647a5f69f9be9113d5c7b5c\"},\"headline\":\"Saiba tudo sobre corte e grava\u00e7\u00e3o a laser em metal em Pirituba\",\"datePublished\":\"2022-06-02T19:40:06+00:00\",\"dateModified\":\"2022-06-02T19:41:50+00:00\",\"mainEntityOfPage\":{\"@id\":\"https:\/\/avisobr.com\/blog\/corte-a-laser\/saiba-tudo-sobre-corte-e-gravacao-a-laser-em-metal-em-pirituba\/\"},\"wordCount\":581,\"commentCount\":0,\"publisher\":{\"@id\":\"https:\/\/avisobr.com\/blog\/#organization\"},\"keywords\":[\"Aviso BR\",\"Como ocorre o corte e grava\u00e7\u00e3o a laser em metal em Pirituba?\",\"Corte e grava\u00e7\u00e3o a laser em metal em Pirituba\",\"E quais as diferen\u00e7as entre o corte e a grava\u00e7\u00e3o?\",\"Onde investir em corte e grava\u00e7\u00e3o a laser em metal em Pirituba?\",\"Saiba tudo sobre corte e grava\u00e7\u00e3o a laser em metal em Pirituba\"],\"articleSection\":[\"Corte a laser\",\"Grava\u00e7\u00e3o a laser\"],\"inLanguage\":\"en-US\",\"potentialAction\":[{\"@type\":\"CommentAction\",\"name\":\"Comment\",\"target\":[\"https:\/\/avisobr.com\/blog\/corte-a-laser\/saiba-tudo-sobre-corte-e-gravacao-a-laser-em-metal-em-pirituba\/#respond\"]}]},{\"@type\":\"WebPage\",\"@id\":\"https:\/\/avisobr.com\/blog\/corte-a-laser\/saiba-tudo-sobre-corte-e-gravacao-a-laser-em-metal-em-pirituba\/\",\"url\":\"https:\/\/avisobr.com\/blog\/corte-a-laser\/saiba-tudo-sobre-corte-e-gravacao-a-laser-em-metal-em-pirituba\/\",\"name\":\"Saiba tudo sobre corte e grava\u00e7\u00e3o a laser em metal em Pirituba\",\"isPartOf\":{\"@id\":\"https:\/\/avisobr.com\/blog\/#website\"},\"datePublished\":\"2022-06-02T19:40:06+00:00\",\"dateModified\":\"2022-06-02T19:41:50+00:00\",\"description\":\"Saiba tudo sobre corte e grava\u00e7\u00e3o a laser em metal em Pirituba e conhe\u00e7a a melhor op\u00e7\u00e3o da regi\u00e3o para investir nesse segmento.\",\"breadcrumb\":{\"@id\":\"https:\/\/avisobr.com\/blog\/corte-a-laser\/saiba-tudo-sobre-corte-e-gravacao-a-laser-em-metal-em-pirituba\/#breadcrumb\"},\"inLanguage\":\"en-US\",\"potentialAction\":[{\"@type\":\"ReadAction\",\"target\":[\"https:\/\/avisobr.com\/blog\/corte-a-laser\/saiba-tudo-sobre-corte-e-gravacao-a-laser-em-metal-em-pirituba\/\"]}]},{\"@type\":\"BreadcrumbList\",\"@id\":\"https:\/\/avisobr.com\/blog\/corte-a-laser\/saiba-tudo-sobre-corte-e-gravacao-a-laser-em-metal-em-pirituba\/#breadcrumb\",\"itemListElement\":[{\"@type\":\"ListItem\",\"position\":1,\"name\":\"In\u00edcio\",\"item\":\"https:\/\/avisobr.com\/blog\/\"},{\"@type\":\"ListItem\",\"position\":2,\"name\":\"Saiba tudo sobre corte e grava\u00e7\u00e3o a laser em metal em Pirituba\"}]},{\"@type\":\"WebSite\",\"@id\":\"https:\/\/avisobr.com\/blog\/#website\",\"url\":\"https:\/\/avisobr.com\/blog\/\",\"name\":\"Aviso BR\",\"description\":\"Blog\",\"publisher\":{\"@id\":\"https:\/\/avisobr.com\/blog\/#organization\"},\"potentialAction\":[{\"@type\":\"SearchAction\",\"target\":{\"@type\":\"EntryPoint\",\"urlTemplate\":\"https:\/\/avisobr.com\/blog\/?s={search_term_string}\"},\"query-input\":\"required name=search_term_string\"}],\"inLanguage\":\"en-US\"},{\"@type\":\"Organization\",\"@id\":\"https:\/\/avisobr.com\/blog\/#organization\",\"name\":\"Aviso BR\",\"url\":\"https:\/\/avisobr.com\/blog\/\",\"logo\":{\"@type\":\"ImageObject\",\"inLanguage\":\"en-US\",\"@id\":\"https:\/\/avisobr.com\/blog\/#\/schema\/logo\/image\/\",\"url\":\"https:\/\/avisobr.com\/blog\/wp-content\/uploads\/2022\/06\/aviso-logo.png\",\"contentUrl\":\"https:\/\/avisobr.com\/blog\/wp-content\/uploads\/2022\/06\/aviso-logo.png\",\"width\":239,\"height\":116,\"caption\":\"Aviso BR\"},\"image\":{\"@id\":\"https:\/\/avisobr.com\/blog\/#\/schema\/logo\/image\/\"}},{\"@type\":\"Person\",\"@id\":\"https:\/\/avisobr.com\/blog\/#\/schema\/person\/75a498ba6647a5f69f9be9113d5c7b5c\",\"name\":\"avisobr\",\"image\":{\"@type\":\"ImageObject\",\"inLanguage\":\"en-US\",\"@id\":\"https:\/\/avisobr.com\/blog\/#\/schema\/person\/image\/\",\"url\":\"https:\/\/secure.gravatar.com\/avatar\/98e463f67c3eacea56961c5d60882c01?s=96&d=mm&r=g\",\"contentUrl\":\"https:\/\/secure.gravatar.com\/avatar\/98e463f67c3eacea56961c5d60882c01?s=96&d=mm&r=g\",\"caption\":\"avisobr\"},\"sameAs\":[\"http:\/\/avisobr.com\/blog\"],\"url\":\"https:\/\/avisobr.com\/blog\/author\/avisobr-2\/\"}]}<\/script>\n<!-- \/ Yoast SEO plugin. -->","yoast_head_json":{"title":"Saiba tudo sobre corte e grava\u00e7\u00e3o a laser em metal em Pirituba","description":"Saiba tudo sobre corte e grava\u00e7\u00e3o a laser em metal em Pirituba e conhe\u00e7a a melhor op\u00e7\u00e3o da regi\u00e3o para investir nesse segmento.","robots":{"index":"index","follow":"follow","max-snippet":"max-snippet:-1","max-image-preview":"max-image-preview:large","max-video-preview":"max-video-preview:-1"},"canonical":"https:\/\/avisobr.com\/blog\/corte-a-laser\/saiba-tudo-sobre-corte-e-gravacao-a-laser-em-metal-em-pirituba\/","og_locale":"en_US","og_type":"article","og_title":"Saiba tudo sobre corte e grava\u00e7\u00e3o a laser em metal em Pirituba","og_description":"Saiba tudo sobre corte e grava\u00e7\u00e3o a laser em metal em Pirituba e conhe\u00e7a a melhor op\u00e7\u00e3o da regi\u00e3o para investir nesse segmento.","og_url":"https:\/\/avisobr.com\/blog\/corte-a-laser\/saiba-tudo-sobre-corte-e-gravacao-a-laser-em-metal-em-pirituba\/","og_site_name":"Aviso BR","article_published_time":"2022-06-02T19:40:06+00:00","article_modified_time":"2022-06-02T19:41:50+00:00","og_image":[{"width":514,"height":399,"url":"https:\/\/avisobr.com\/blog\/wp-content\/uploads\/2022\/06\/izis-laser.jpg","type":"image\/jpeg"}],"author":"avisobr","twitter_card":"summary_large_image","twitter_misc":{"Written by":"avisobr","Est. reading time":"4 minutes"},"schema":{"@context":"https:\/\/schema.org","@graph":[{"@type":"Article","@id":"https:\/\/avisobr.com\/blog\/corte-a-laser\/saiba-tudo-sobre-corte-e-gravacao-a-laser-em-metal-em-pirituba\/#article","isPartOf":{"@id":"https:\/\/avisobr.com\/blog\/corte-a-laser\/saiba-tudo-sobre-corte-e-gravacao-a-laser-em-metal-em-pirituba\/"},"author":{"name":"avisobr","@id":"https:\/\/avisobr.com\/blog\/#\/schema\/person\/75a498ba6647a5f69f9be9113d5c7b5c"},"headline":"Saiba tudo sobre corte e grava\u00e7\u00e3o a laser em metal em Pirituba","datePublished":"2022-06-02T19:40:06+00:00","dateModified":"2022-06-02T19:41:50+00:00","mainEntityOfPage":{"@id":"https:\/\/avisobr.com\/blog\/corte-a-laser\/saiba-tudo-sobre-corte-e-gravacao-a-laser-em-metal-em-pirituba\/"},"wordCount":581,"commentCount":0,"publisher":{"@id":"https:\/\/avisobr.com\/blog\/#organization"},"keywords":["Aviso BR","Como ocorre o corte e grava\u00e7\u00e3o a laser em metal em Pirituba?","Corte e grava\u00e7\u00e3o a laser em metal em Pirituba","E quais as diferen\u00e7as entre o corte e a grava\u00e7\u00e3o?","Onde investir em corte e grava\u00e7\u00e3o a laser em metal em Pirituba?","Saiba tudo sobre corte e grava\u00e7\u00e3o a laser em metal em Pirituba"],"articleSection":["Corte a laser","Grava\u00e7\u00e3o a laser"],"inLanguage":"en-US","potentialAction":[{"@type":"CommentAction","name":"Comment","target":["https:\/\/avisobr.com\/blog\/corte-a-laser\/saiba-tudo-sobre-corte-e-gravacao-a-laser-em-metal-em-pirituba\/#respond"]}]},{"@type":"WebPage","@id":"https:\/\/avisobr.com\/blog\/corte-a-laser\/saiba-tudo-sobre-corte-e-gravacao-a-laser-em-metal-em-pirituba\/","url":"https:\/\/avisobr.com\/blog\/corte-a-laser\/saiba-tudo-sobre-corte-e-gravacao-a-laser-em-metal-em-pirituba\/","name":"Saiba tudo sobre corte e grava\u00e7\u00e3o a laser em metal em Pirituba","isPartOf":{"@id":"https:\/\/avisobr.com\/blog\/#website"},"datePublished":"2022-06-02T19:40:06+00:00","dateModified":"2022-06-02T19:41:50+00:00","description":"Saiba tudo sobre corte e grava\u00e7\u00e3o a laser em metal em Pirituba e conhe\u00e7a a melhor op\u00e7\u00e3o da regi\u00e3o para investir nesse segmento.","breadcrumb":{"@id":"https:\/\/avisobr.com\/blog\/corte-a-laser\/saiba-tudo-sobre-corte-e-gravacao-a-laser-em-metal-em-pirituba\/#breadcrumb"},"inLanguage":"en-US","potentialAction":[{"@type":"ReadAction","target":["https:\/\/avisobr.com\/blog\/corte-a-laser\/saiba-tudo-sobre-corte-e-gravacao-a-laser-em-metal-em-pirituba\/"]}]},{"@type":"BreadcrumbList","@id":"https:\/\/avisobr.com\/blog\/corte-a-laser\/saiba-tudo-sobre-corte-e-gravacao-a-laser-em-metal-em-pirituba\/#breadcrumb","itemListElement":[{"@type":"ListItem","position":1,"name":"In\u00edcio","item":"https:\/\/avisobr.com\/blog\/"},{"@type":"ListItem","position":2,"name":"Saiba tudo sobre corte e grava\u00e7\u00e3o a laser em metal em Pirituba"}]},{"@type":"WebSite","@id":"https:\/\/avisobr.com\/blog\/#website","url":"https:\/\/avisobr.com\/blog\/","name":"Aviso BR","description":"Blog","publisher":{"@id":"https:\/\/avisobr.com\/blog\/#organization"},"potentialAction":[{"@type":"SearchAction","target":{"@type":"EntryPoint","urlTemplate":"https:\/\/avisobr.com\/blog\/?s={search_term_string}"},"query-input":"required name=search_term_string"}],"inLanguage":"en-US"},{"@type":"Organization","@id":"https:\/\/avisobr.com\/blog\/#organization","name":"Aviso BR","url":"https:\/\/avisobr.com\/blog\/","logo":{"@type":"ImageObject","inLanguage":"en-US","@id":"https:\/\/avisobr.com\/blog\/#\/schema\/logo\/image\/","url":"https:\/\/avisobr.com\/blog\/wp-content\/uploads\/2022\/06\/aviso-logo.png","contentUrl":"https:\/\/avisobr.com\/blog\/wp-content\/uploads\/2022\/06\/aviso-logo.png","width":239,"height":116,"caption":"Aviso BR"},"image":{"@id":"https:\/\/avisobr.com\/blog\/#\/schema\/logo\/image\/"}},{"@type":"Person","@id":"https:\/\/avisobr.com\/blog\/#\/schema\/person\/75a498ba6647a5f69f9be9113d5c7b5c","name":"avisobr","image":{"@type":"ImageObject","inLanguage":"en-US","@id":"https:\/\/avisobr.com\/blog\/#\/schema\/person\/image\/","url":"https:\/\/secure.gravatar.com\/avatar\/98e463f67c3eacea56961c5d60882c01?s=96&d=mm&r=g","contentUrl":"https:\/\/secure.gravatar.com\/avatar\/98e463f67c3eacea56961c5d60882c01?s=96&d=mm&r=g","caption":"avisobr"},"sameAs":["http:\/\/avisobr.com\/blog"],"url":"https:\/\/avisobr.com\/blog\/author\/avisobr-2\/"}]}},"_links":{"self":[{"href":"https:\/\/avisobr.com\/blog\/wp-json\/wp\/v2\/posts\/11"}],"collection":[{"href":"https:\/\/avisobr.com\/blog\/wp-json\/wp\/v2\/posts"}],"about":[{"href":"https:\/\/avisobr.com\/blog\/wp-json\/wp\/v2\/types\/post"}],"author":[{"embeddable":true,"href":"https:\/\/avisobr.com\/blog\/wp-json\/wp\/v2\/users\/1"}],"replies":[{"embeddable":true,"href":"https:\/\/avisobr.com\/blog\/wp-json\/wp\/v2\/comments?post=11"}],"version-history":[{"count":2,"href":"https:\/\/avisobr.com\/blog\/wp-json\/wp\/v2\/posts\/11\/revisions"}],"predecessor-version":[{"id":16,"href":"https:\/\/avisobr.com\/blog\/wp-json\/wp\/v2\/posts\/11\/revisions\/16"}],"wp:featuredmedia":[{"embeddable":true,"href":"https:\/\/avisobr.com\/blog\/wp-json\/wp\/v2\/media\/13"}],"wp:attachment":[{"href":"https:\/\/avisobr.com\/blog\/wp-json\/wp\/v2\/media?parent=11"}],"wp:term":[{"taxonomy":"category","embeddable":true,"href":"https:\/\/avisobr.com\/blog\/wp-json\/wp\/v2\/categories?post=11"},{"taxonomy":"post_tag","embeddable":true,"href":"https:\/\/avisobr.com\/blog\/wp-json\/wp\/v2\/tags?post=11"}],"curies":[{"name":"wp","href":"https:\/\/api.w.org\/{rel}","templated":true}]}}