{"id":59,"date":"2023-04-03T09:55:12","date_gmt":"2023-04-03T12:55:12","guid":{"rendered":"https:\/\/avisobr.com\/blog\/?p=59"},"modified":"2023-04-03T09:56:46","modified_gmt":"2023-04-03T12:56:46","slug":"corte-a-laser-em-sp-o-que-e-necessario-para-executar","status":"publish","type":"post","link":"https:\/\/avisobr.com\/blog\/corte-a-laser\/corte-a-laser-em-sp-o-que-e-necessario-para-executar\/","title":{"rendered":"Corte a laser em SP: o que \u00e9 necess\u00e1rio para executar?"},"content":{"rendered":"\n<p>Consideradas uma das alternativas mais eficientes do segmento industrial contempor\u00e2neo, os servi\u00e7os de corte a laser em SP s\u00e3o extremamente \u00fateis para atender a demandas diversas. No entanto, para garantir essa efici\u00eancia, \u00e9 fundamental seguir algumas recomenda\u00e7\u00f5es t\u00e9cnicas voltadas para a realiza\u00e7\u00e3o de procedimentos do g\u00eanero.\u00a0<\/p>\n\n\n\n<p>Visando explicar isso de maneira mais completa, compilamos e apresentamos, a seguir, os tr\u00eas principais fatores que devem ser considerados ao executar projetos dessa categoria. Al\u00e9m disso, no fim do artigo, explicamos como a <a href=\"https:\/\/www.avisobr.com\/\" target=\"_blank\" rel=\"noreferrer noopener\">Aviso BR<\/a> pode ser \u00fatil nesse sentido. Veja!<\/p>\n\n\n\n<ol>\n<li>O arquivo utilizado no servi\u00e7o de corte CNC<br><br>Antes de serem trabalhados por equipamentos voltados para esse procedimento, \u00e9 necess\u00e1rio produzir um arquivo com todas as informa\u00e7\u00f5es necess\u00e1rias sobre a execu\u00e7\u00e3o de cada projeto. Nesse caso, o documento deve ser confeccionado em um formato espec\u00edfico para que o software respons\u00e1vel por essa realiza\u00e7\u00e3o fa\u00e7a a leitura e converter essas informa\u00e7\u00f5es em movimentos.<br><br>Na pr\u00e1tica, isso est\u00e1 diretamente relacionado ao pr\u00f3ximo ponto desta lista, sendo, inclusive, um dos elementos mais importantes voltados para esse mercado, independentemente do servi\u00e7o.<br><\/li>\n\n\n\n<li>O material utilizado no servi\u00e7o de corte CNC<br><br>Para produzir um arquivo de qualidade, \u00e9 indispens\u00e1vel considerar aspectos t\u00e9cnicos relacionados ao material utilizado para esse servi\u00e7o. Mais do que isso, \u00e9 importante estudar todas as caracter\u00edsticas f\u00edsicas da mat\u00e9ria-prima voltada para a atividade de corte a laser em SP.<br><br>>> Leia tamb\u00e9m: <em><a href=\"https:\/\/avisobr.com\/blog\/index.php\/2022\/07\/04\/maquina-cnc-router-laser-corte-e-gravacao-conheca-as-vantagens-do-equipamento\/\" target=\"_blank\" rel=\"noreferrer noopener\">M\u00e1quina CNC Router Laser corte e grava\u00e7\u00e3o: conhe\u00e7a as vantagens do equipamento<\/a><\/em><br>>> Leia tamb\u00e9m: <em><a href=\"https:\/\/avisobr.com\/blog\/index.php\/2023\/01\/18\/router-cnc-em-sao-paulo-como-essa-ferramenta-pode-ser-util\/\" target=\"_blank\" rel=\"noreferrer noopener\">Router CNC em S\u00e3o Paulo: como essa ferramenta pode ser \u00fatil?<\/a><\/em><br><br>No caso, pontos como a espessura, as umidade e, principalmente, o qu\u00e3o inflam\u00e1vel cada um desses objetos s\u00e3o precisa ser visto com cuidado. Afinal, por mais simples que esses pontos possam parecer, se ignorados, eles podem contribuir para acidentes bem graves, comprometendo tanto a integridade desses equipamentos quanto de profissionais.<br><\/li>\n\n\n\n<li>O prazo definido para o servi\u00e7o de corte CNC<br><br>Por fim, apesar de \u00f3bvio, \u00e9 importante estudar os prazos envolvidos nesses projetos. Afinal, por mais r\u00e1pidos que eles sejam, ainda \u00e9 importante considerar alguns outros pontos nesse sentido.<br><br>O principal deles \u00e9 a montagem dos produtos, uma vez que, principalmente no segmento industrial, essas atividades s\u00e3o voltadas para a fabrica\u00e7\u00e3o de pe\u00e7as. Dessa forma, vale analisar quanto tempo ser\u00e1 gasto com essa a\u00e7\u00e3o.&nbsp;<\/li>\n<\/ol>\n\n\n\n<h2 class=\"wp-block-heading\">Qual a melhor empresa para fornecer servi\u00e7os de corte a laser em SP?&nbsp;<\/h2>\n\n\n\n<p>A <a href=\"https:\/\/www.avisobr.com\/\" target=\"_blank\" rel=\"noreferrer noopener\">Aviso BR<\/a> pode ser apontada como a solu\u00e7\u00e3o ideal para pessoas f\u00edsicas e jur\u00eddicas que estiverem em busca de atividades do g\u00eanero. Afinal, a empresa atua por meio de uma infraestrutura moderna e profissionais especializados nesse segmento, fornecendo, assim, os melhores servi\u00e7os do g\u00eanero.\u00a0<\/p>\n\n\n\n<p>Por isso, se estiver em busca de uma empresa para realizar o corte a laser em SP, n\u00e3o perca mais tempo! <a href=\"https:\/\/www.avisobr.com\/router-cnc-contato\" target=\"_blank\" rel=\"noreferrer noopener\">Entre em contato com a Aviso BR e solicite um or\u00e7amento<\/a> especial para o seu projeto.\u00a0<\/p>\n\n\n<div class=\"wp-block-image\">\n<figure class=\"aligncenter size-full\"><a href=\"https:\/\/avisobr.com\/router-cnc-contato\" target=\"_blank\" rel=\"noreferrer noopener\"><img decoding=\"async\" loading=\"lazy\" width=\"515\" height=\"258\" src=\"http:\/\/avisobr.com\/blog\/wp-content\/uploads\/2023\/03\/CTA_-25.gif\" alt=\"\" class=\"wp-image-55\"\/><\/a><\/figure><\/div>","protected":false},"excerpt":{"rendered":"<p>Consideradas uma das alternativas mais eficientes do segmento industrial contempor\u00e2neo, os servi\u00e7os de corte a laser em SP s\u00e3o extremamente \u00fateis para atender a demandas diversas. No entanto, para garantir essa efici\u00eancia, \u00e9 fundamental seguir algumas recomenda\u00e7\u00f5es t\u00e9cnicas voltadas para&#8230;<\/p>\n","protected":false},"author":1,"featured_media":60,"comment_status":"open","ping_status":"open","sticky":false,"template":"","format":"standard","meta":[],"categories":[4],"tags":[11,165,168,170,167,166,169,171,174,176,173,172,175,183,186,188,185,184,187,177,180,182,179,178,181],"yoast_head":"<!-- This site is optimized with the Yoast SEO plugin v20.2.1 - https:\/\/yoast.com\/wordpress\/plugins\/seo\/ -->\n<title>Corte a laser em SP: o que \u00e9 necess\u00e1rio para executar?<\/title>\n<meta name=\"description\" content=\"Saiba o que \u00e9 necess\u00e1rio para realizar o corte a laser em SP e veja o que faz da Aviso BR a melhor solu\u00e7\u00e3o para servi\u00e7os nesse sentido.\" \/>\n<meta name=\"robots\" content=\"index, follow, max-snippet:-1, max-image-preview:large, max-video-preview:-1\" \/>\n<link rel=\"canonical\" href=\"https:\/\/avisobr.com\/blog\/corte-a-laser\/corte-a-laser-em-sp-o-que-e-necessario-para-executar\/\" \/>\n<meta property=\"og:locale\" content=\"en_US\" \/>\n<meta property=\"og:type\" content=\"article\" \/>\n<meta property=\"og:title\" content=\"Corte a laser em SP: o que \u00e9 necess\u00e1rio para executar?\" \/>\n<meta property=\"og:description\" content=\"Saiba o que \u00e9 necess\u00e1rio para realizar o corte a laser em SP e veja o que faz da Aviso BR a melhor solu\u00e7\u00e3o para servi\u00e7os nesse sentido.\" \/>\n<meta property=\"og:url\" content=\"https:\/\/avisobr.com\/blog\/corte-a-laser\/corte-a-laser-em-sp-o-que-e-necessario-para-executar\/\" \/>\n<meta property=\"og:site_name\" content=\"Aviso BR\" \/>\n<meta property=\"article:published_time\" content=\"2023-04-03T12:55:12+00:00\" \/>\n<meta property=\"article:modified_time\" content=\"2023-04-03T12:56:46+00:00\" \/>\n<meta property=\"og:image\" content=\"https:\/\/avisobr.com\/blog\/wp-content\/uploads\/2023\/04\/Modelo_-2023-04-03T095408.605.jpg\" \/>\n\t<meta property=\"og:image:width\" content=\"515\" \/>\n\t<meta property=\"og:image:height\" content=\"367\" \/>\n\t<meta property=\"og:image:type\" content=\"image\/jpeg\" \/>\n<meta name=\"author\" content=\"avisobr\" \/>\n<meta name=\"twitter:card\" content=\"summary_large_image\" \/>\n<meta name=\"twitter:label1\" content=\"Written by\" \/>\n\t<meta name=\"twitter:data1\" content=\"avisobr\" \/>\n\t<meta name=\"twitter:label2\" content=\"Est. reading time\" \/>\n\t<meta name=\"twitter:data2\" content=\"3 minutes\" \/>\n<script type=\"application\/ld+json\" class=\"yoast-schema-graph\">{\"@context\":\"https:\/\/schema.org\",\"@graph\":[{\"@type\":\"Article\",\"@id\":\"https:\/\/avisobr.com\/blog\/corte-a-laser\/corte-a-laser-em-sp-o-que-e-necessario-para-executar\/#article\",\"isPartOf\":{\"@id\":\"https:\/\/avisobr.com\/blog\/corte-a-laser\/corte-a-laser-em-sp-o-que-e-necessario-para-executar\/\"},\"author\":{\"name\":\"avisobr\",\"@id\":\"https:\/\/avisobr.com\/blog\/#\/schema\/person\/75a498ba6647a5f69f9be9113d5c7b5c\"},\"headline\":\"Corte a laser em SP: o que \u00e9 necess\u00e1rio para executar?\",\"datePublished\":\"2023-04-03T12:55:12+00:00\",\"dateModified\":\"2023-04-03T12:56:46+00:00\",\"mainEntityOfPage\":{\"@id\":\"https:\/\/avisobr.com\/blog\/corte-a-laser\/corte-a-laser-em-sp-o-que-e-necessario-para-executar\/\"},\"wordCount\":529,\"commentCount\":0,\"publisher\":{\"@id\":\"https:\/\/avisobr.com\/blog\/#organization\"},\"keywords\":[\"Aviso BR\",\"corte a laser\",\"corte a laser em Osasco\",\"corte a laser em Pirituba\",\"corte a laser em S\u00e3o Paulo\",\"corte a laser em SP\",\"corte a laser no Jardim Mutinga\",\"cortes a laser\",\"cortes a laser em Osasco\",\"cortes a laser em Pirituba\",\"cortes a laser em S\u00e3o Paulo\",\"cortes a laser em SP\",\"cortes a laser no Jardim Mutinga\",\"empresa de corte a laser\",\"empresa de corte a laser em Osasco\",\"empresa de corte a laser em Pirituba\",\"empresa de corte a laser em S\u00e3o Paulo\",\"empresa de corte a laser em SP\",\"empresa de corte a laser no Jardim Mutinga\",\"servi\u00e7o de corte a laser\",\"servi\u00e7o de corte a laser em Osasco\",\"servi\u00e7o de corte a laser em Pirituba\",\"servi\u00e7o de corte a laser em S\u00e3o Paulo\",\"servi\u00e7o de corte a laser em SP\",\"servi\u00e7o de corte a laser no Jardim Mutinga\"],\"articleSection\":[\"Corte a laser\"],\"inLanguage\":\"en-US\",\"potentialAction\":[{\"@type\":\"CommentAction\",\"name\":\"Comment\",\"target\":[\"https:\/\/avisobr.com\/blog\/corte-a-laser\/corte-a-laser-em-sp-o-que-e-necessario-para-executar\/#respond\"]}]},{\"@type\":\"WebPage\",\"@id\":\"https:\/\/avisobr.com\/blog\/corte-a-laser\/corte-a-laser-em-sp-o-que-e-necessario-para-executar\/\",\"url\":\"https:\/\/avisobr.com\/blog\/corte-a-laser\/corte-a-laser-em-sp-o-que-e-necessario-para-executar\/\",\"name\":\"Corte a laser em SP: o que \u00e9 necess\u00e1rio para executar?\",\"isPartOf\":{\"@id\":\"https:\/\/avisobr.com\/blog\/#website\"},\"datePublished\":\"2023-04-03T12:55:12+00:00\",\"dateModified\":\"2023-04-03T12:56:46+00:00\",\"description\":\"Saiba o que \u00e9 necess\u00e1rio para realizar o corte a laser em SP e veja o que faz da Aviso BR a melhor solu\u00e7\u00e3o para servi\u00e7os nesse sentido.\",\"breadcrumb\":{\"@id\":\"https:\/\/avisobr.com\/blog\/corte-a-laser\/corte-a-laser-em-sp-o-que-e-necessario-para-executar\/#breadcrumb\"},\"inLanguage\":\"en-US\",\"potentialAction\":[{\"@type\":\"ReadAction\",\"target\":[\"https:\/\/avisobr.com\/blog\/corte-a-laser\/corte-a-laser-em-sp-o-que-e-necessario-para-executar\/\"]}]},{\"@type\":\"BreadcrumbList\",\"@id\":\"https:\/\/avisobr.com\/blog\/corte-a-laser\/corte-a-laser-em-sp-o-que-e-necessario-para-executar\/#breadcrumb\",\"itemListElement\":[{\"@type\":\"ListItem\",\"position\":1,\"name\":\"In\u00edcio\",\"item\":\"https:\/\/avisobr.com\/blog\/\"},{\"@type\":\"ListItem\",\"position\":2,\"name\":\"Corte a laser em SP: o que \u00e9 necess\u00e1rio para executar?\"}]},{\"@type\":\"WebSite\",\"@id\":\"https:\/\/avisobr.com\/blog\/#website\",\"url\":\"https:\/\/avisobr.com\/blog\/\",\"name\":\"Aviso BR\",\"description\":\"Blog\",\"publisher\":{\"@id\":\"https:\/\/avisobr.com\/blog\/#organization\"},\"potentialAction\":[{\"@type\":\"SearchAction\",\"target\":{\"@type\":\"EntryPoint\",\"urlTemplate\":\"https:\/\/avisobr.com\/blog\/?s={search_term_string}\"},\"query-input\":\"required name=search_term_string\"}],\"inLanguage\":\"en-US\"},{\"@type\":\"Organization\",\"@id\":\"https:\/\/avisobr.com\/blog\/#organization\",\"name\":\"Aviso BR\",\"url\":\"https:\/\/avisobr.com\/blog\/\",\"logo\":{\"@type\":\"ImageObject\",\"inLanguage\":\"en-US\",\"@id\":\"https:\/\/avisobr.com\/blog\/#\/schema\/logo\/image\/\",\"url\":\"https:\/\/avisobr.com\/blog\/wp-content\/uploads\/2022\/06\/aviso-logo.png\",\"contentUrl\":\"https:\/\/avisobr.com\/blog\/wp-content\/uploads\/2022\/06\/aviso-logo.png\",\"width\":239,\"height\":116,\"caption\":\"Aviso BR\"},\"image\":{\"@id\":\"https:\/\/avisobr.com\/blog\/#\/schema\/logo\/image\/\"}},{\"@type\":\"Person\",\"@id\":\"https:\/\/avisobr.com\/blog\/#\/schema\/person\/75a498ba6647a5f69f9be9113d5c7b5c\",\"name\":\"avisobr\",\"image\":{\"@type\":\"ImageObject\",\"inLanguage\":\"en-US\",\"@id\":\"https:\/\/avisobr.com\/blog\/#\/schema\/person\/image\/\",\"url\":\"https:\/\/secure.gravatar.com\/avatar\/98e463f67c3eacea56961c5d60882c01?s=96&d=mm&r=g\",\"contentUrl\":\"https:\/\/secure.gravatar.com\/avatar\/98e463f67c3eacea56961c5d60882c01?s=96&d=mm&r=g\",\"caption\":\"avisobr\"},\"sameAs\":[\"http:\/\/avisobr.com\/blog\"],\"url\":\"https:\/\/avisobr.com\/blog\/author\/avisobr-2\/\"}]}<\/script>\n<!-- \/ Yoast SEO plugin. -->","yoast_head_json":{"title":"Corte a laser em SP: o que \u00e9 necess\u00e1rio para executar?","description":"Saiba o que \u00e9 necess\u00e1rio para realizar o corte a laser em SP e veja o que faz da Aviso BR a melhor solu\u00e7\u00e3o para servi\u00e7os nesse sentido.","robots":{"index":"index","follow":"follow","max-snippet":"max-snippet:-1","max-image-preview":"max-image-preview:large","max-video-preview":"max-video-preview:-1"},"canonical":"https:\/\/avisobr.com\/blog\/corte-a-laser\/corte-a-laser-em-sp-o-que-e-necessario-para-executar\/","og_locale":"en_US","og_type":"article","og_title":"Corte a laser em SP: o que \u00e9 necess\u00e1rio para executar?","og_description":"Saiba o que \u00e9 necess\u00e1rio para realizar o corte a laser em SP e veja o que faz da Aviso BR a melhor solu\u00e7\u00e3o para servi\u00e7os nesse sentido.","og_url":"https:\/\/avisobr.com\/blog\/corte-a-laser\/corte-a-laser-em-sp-o-que-e-necessario-para-executar\/","og_site_name":"Aviso BR","article_published_time":"2023-04-03T12:55:12+00:00","article_modified_time":"2023-04-03T12:56:46+00:00","og_image":[{"width":515,"height":367,"url":"https:\/\/avisobr.com\/blog\/wp-content\/uploads\/2023\/04\/Modelo_-2023-04-03T095408.605.jpg","type":"image\/jpeg"}],"author":"avisobr","twitter_card":"summary_large_image","twitter_misc":{"Written by":"avisobr","Est. reading time":"3 minutes"},"schema":{"@context":"https:\/\/schema.org","@graph":[{"@type":"Article","@id":"https:\/\/avisobr.com\/blog\/corte-a-laser\/corte-a-laser-em-sp-o-que-e-necessario-para-executar\/#article","isPartOf":{"@id":"https:\/\/avisobr.com\/blog\/corte-a-laser\/corte-a-laser-em-sp-o-que-e-necessario-para-executar\/"},"author":{"name":"avisobr","@id":"https:\/\/avisobr.com\/blog\/#\/schema\/person\/75a498ba6647a5f69f9be9113d5c7b5c"},"headline":"Corte a laser em SP: o que \u00e9 necess\u00e1rio para executar?","datePublished":"2023-04-03T12:55:12+00:00","dateModified":"2023-04-03T12:56:46+00:00","mainEntityOfPage":{"@id":"https:\/\/avisobr.com\/blog\/corte-a-laser\/corte-a-laser-em-sp-o-que-e-necessario-para-executar\/"},"wordCount":529,"commentCount":0,"publisher":{"@id":"https:\/\/avisobr.com\/blog\/#organization"},"keywords":["Aviso BR","corte a laser","corte a laser em Osasco","corte a laser em Pirituba","corte a laser em S\u00e3o Paulo","corte a laser em SP","corte a laser no Jardim Mutinga","cortes a laser","cortes a laser em Osasco","cortes a laser em Pirituba","cortes a laser em S\u00e3o Paulo","cortes a laser em SP","cortes a laser no Jardim Mutinga","empresa de corte a laser","empresa de corte a laser em Osasco","empresa de corte a laser em Pirituba","empresa de corte a laser em S\u00e3o Paulo","empresa de corte a laser em SP","empresa de corte a laser no Jardim Mutinga","servi\u00e7o de corte a laser","servi\u00e7o de corte a laser em Osasco","servi\u00e7o de corte a laser em Pirituba","servi\u00e7o de corte a laser em S\u00e3o Paulo","servi\u00e7o de corte a laser em SP","servi\u00e7o de corte a laser no Jardim Mutinga"],"articleSection":["Corte a laser"],"inLanguage":"en-US","potentialAction":[{"@type":"CommentAction","name":"Comment","target":["https:\/\/avisobr.com\/blog\/corte-a-laser\/corte-a-laser-em-sp-o-que-e-necessario-para-executar\/#respond"]}]},{"@type":"WebPage","@id":"https:\/\/avisobr.com\/blog\/corte-a-laser\/corte-a-laser-em-sp-o-que-e-necessario-para-executar\/","url":"https:\/\/avisobr.com\/blog\/corte-a-laser\/corte-a-laser-em-sp-o-que-e-necessario-para-executar\/","name":"Corte a laser em SP: o que \u00e9 necess\u00e1rio para executar?","isPartOf":{"@id":"https:\/\/avisobr.com\/blog\/#website"},"datePublished":"2023-04-03T12:55:12+00:00","dateModified":"2023-04-03T12:56:46+00:00","description":"Saiba o que \u00e9 necess\u00e1rio para realizar o corte a laser em SP e veja o que faz da Aviso BR a melhor solu\u00e7\u00e3o para servi\u00e7os nesse sentido.","breadcrumb":{"@id":"https:\/\/avisobr.com\/blog\/corte-a-laser\/corte-a-laser-em-sp-o-que-e-necessario-para-executar\/#breadcrumb"},"inLanguage":"en-US","potentialAction":[{"@type":"ReadAction","target":["https:\/\/avisobr.com\/blog\/corte-a-laser\/corte-a-laser-em-sp-o-que-e-necessario-para-executar\/"]}]},{"@type":"BreadcrumbList","@id":"https:\/\/avisobr.com\/blog\/corte-a-laser\/corte-a-laser-em-sp-o-que-e-necessario-para-executar\/#breadcrumb","itemListElement":[{"@type":"ListItem","position":1,"name":"In\u00edcio","item":"https:\/\/avisobr.com\/blog\/"},{"@type":"ListItem","position":2,"name":"Corte a laser em SP: o que \u00e9 necess\u00e1rio para executar?"}]},{"@type":"WebSite","@id":"https:\/\/avisobr.com\/blog\/#website","url":"https:\/\/avisobr.com\/blog\/","name":"Aviso BR","description":"Blog","publisher":{"@id":"https:\/\/avisobr.com\/blog\/#organization"},"potentialAction":[{"@type":"SearchAction","target":{"@type":"EntryPoint","urlTemplate":"https:\/\/avisobr.com\/blog\/?s={search_term_string}"},"query-input":"required name=search_term_string"}],"inLanguage":"en-US"},{"@type":"Organization","@id":"https:\/\/avisobr.com\/blog\/#organization","name":"Aviso BR","url":"https:\/\/avisobr.com\/blog\/","logo":{"@type":"ImageObject","inLanguage":"en-US","@id":"https:\/\/avisobr.com\/blog\/#\/schema\/logo\/image\/","url":"https:\/\/avisobr.com\/blog\/wp-content\/uploads\/2022\/06\/aviso-logo.png","contentUrl":"https:\/\/avisobr.com\/blog\/wp-content\/uploads\/2022\/06\/aviso-logo.png","width":239,"height":116,"caption":"Aviso BR"},"image":{"@id":"https:\/\/avisobr.com\/blog\/#\/schema\/logo\/image\/"}},{"@type":"Person","@id":"https:\/\/avisobr.com\/blog\/#\/schema\/person\/75a498ba6647a5f69f9be9113d5c7b5c","name":"avisobr","image":{"@type":"ImageObject","inLanguage":"en-US","@id":"https:\/\/avisobr.com\/blog\/#\/schema\/person\/image\/","url":"https:\/\/secure.gravatar.com\/avatar\/98e463f67c3eacea56961c5d60882c01?s=96&d=mm&r=g","contentUrl":"https:\/\/secure.gravatar.com\/avatar\/98e463f67c3eacea56961c5d60882c01?s=96&d=mm&r=g","caption":"avisobr"},"sameAs":["http:\/\/avisobr.com\/blog"],"url":"https:\/\/avisobr.com\/blog\/author\/avisobr-2\/"}]}},"_links":{"self":[{"href":"https:\/\/avisobr.com\/blog\/wp-json\/wp\/v2\/posts\/59"}],"collection":[{"href":"https:\/\/avisobr.com\/blog\/wp-json\/wp\/v2\/posts"}],"about":[{"href":"https:\/\/avisobr.com\/blog\/wp-json\/wp\/v2\/types\/post"}],"author":[{"embeddable":true,"href":"https:\/\/avisobr.com\/blog\/wp-json\/wp\/v2\/users\/1"}],"replies":[{"embeddable":true,"href":"https:\/\/avisobr.com\/blog\/wp-json\/wp\/v2\/comments?post=59"}],"version-history":[{"count":1,"href":"https:\/\/avisobr.com\/blog\/wp-json\/wp\/v2\/posts\/59\/revisions"}],"predecessor-version":[{"id":61,"href":"https:\/\/avisobr.com\/blog\/wp-json\/wp\/v2\/posts\/59\/revisions\/61"}],"wp:featuredmedia":[{"embeddable":true,"href":"https:\/\/avisobr.com\/blog\/wp-json\/wp\/v2\/media\/60"}],"wp:attachment":[{"href":"https:\/\/avisobr.com\/blog\/wp-json\/wp\/v2\/media?parent=59"}],"wp:term":[{"taxonomy":"category","embeddable":true,"href":"https:\/\/avisobr.com\/blog\/wp-json\/wp\/v2\/categories?post=59"},{"taxonomy":"post_tag","embeddable":true,"href":"https:\/\/avisobr.com\/blog\/wp-json\/wp\/v2\/tags?post=59"}],"curies":[{"name":"wp","href":"https:\/\/api.w.org\/{rel}","templated":true}]}}