{"id":78,"date":"2023-09-05T12:15:12","date_gmt":"2023-09-05T15:15:12","guid":{"rendered":"https:\/\/avisobr.com\/blog\/?p=78"},"modified":"2023-09-05T12:15:29","modified_gmt":"2023-09-05T15:15:29","slug":"quais-sao-as-facas-de-corte-a-quente-e-como-utilizar","status":"publish","type":"post","link":"https:\/\/avisobr.com\/blog\/faca-de-corte-a-quente\/quais-sao-as-facas-de-corte-a-quente-e-como-utilizar\/","title":{"rendered":"Quais s\u00e3o as facas de corte a quente e como utilizar?"},"content":{"rendered":"\n<p>As facas de corte a quente s\u00e3o produtos muito procurados na ind\u00fastria para facilitar a realiza\u00e7\u00e3o de servi\u00e7os na ind\u00fastria metal\u00fargica com maior praticidade e qualidade, garantindo maior efici\u00eancia e produtividade para a empresa daqueles que utilizam o equipamento.<\/p>\n\n\n\n<p>As facas de corte a quente podem ser utilizadas em diversos segmentos e para uma grande variedade de aplica\u00e7\u00f5es, visando atender cada uma das suas necessidades com qualidade e efetividade.<\/p>\n\n\n\n<p>Quer conhecer mais detalhes sobre as nossas facas de corte a quente e como elas podem ser utilizadas no dia a dia da sua empresa? Ent\u00e3o, continue conosco neste artigo e tire todas as suas d\u00favidas sobre os produtos que a Aviso BR e se surpreenda completamente com o que podemos oferecer.<\/p>\n\n\n\n<h2 class=\"wp-block-heading\">O que s\u00e3o facas de corte a quente?<\/h2>\n\n\n\n<p>As facas de corte a quente s\u00e3o materiais robustos, fabricados especialmente para a realiza\u00e7\u00e3o de trabalhos manuais, contando com uma l\u00e2mina com transformador interno, que se torna capaz de realizar procedimentos em tecidos, fios, faixas sint\u00e9ticas, chapas de isopor, entre outros.<\/p>\n\n\n\n<p>Aqui na Aviso BR, contamos com dois modelos dispon\u00edveis para solucionar suas necessidades da melhor maneira poss\u00edvel. A Faca Manual para Corte a Quente HSGM e a Faca Manual para Corte a Quente HSGM &#8211; Modelo Engel-Cutter.<\/p>\n\n\n\n<p>Confira abaixo as diferen\u00e7as entre elas:<\/p>\n\n\n\n<h3 class=\"wp-block-heading\">Faca Manual para Corte a Quente HSGM<\/h3>\n\n\n\n<p>O corte a quente de tecidos, cordas, fios e faixas sint\u00e9ticos \u00e9 um processo especial que continua ganhando import\u00e2ncia no processo industrial, de comunica\u00e7\u00e3o visual e de artigos de vestu\u00e1rio.<\/p>\n\n\n\n<p>A l\u00e2mina &#8211; que \u00e9 diretamente aquecida por um transformador &#8211; atinge a temperatura de aprox. 600\u00b0C em apenas 6-8 segundos. Todos os materiais termopl\u00e1sticos que entram em contato com a l\u00e2mina de corte se fundir\u00e3o.&nbsp;<\/p>\n\n\n<div class=\"wp-block-image is-style-rounded\">\n<figure class=\"alignright size-full is-resized\"><img decoding=\"async\" loading=\"lazy\" src=\"http:\/\/avisobr.com\/blog\/wp-content\/uploads\/2023\/09\/facas-de-corte-a-quente-tecidos-sinteticos.jpg\" alt=\"\" class=\"wp-image-79\" width=\"253\" height=\"190\" srcset=\"https:\/\/avisobr.com\/blog\/wp-content\/uploads\/2023\/09\/facas-de-corte-a-quente-tecidos-sinteticos.jpg 420w, https:\/\/avisobr.com\/blog\/wp-content\/uploads\/2023\/09\/facas-de-corte-a-quente-tecidos-sinteticos-300x225.jpg 300w\" sizes=\"(max-width: 253px) 100vw, 253px\" \/><\/figure><\/div>\n\n\n<p>Em produtos tecidos, a trama e os fios de urdume tendem a se fundir formando uma borda selada, extremamente homog\u00eanea. Confira seus modelos abaixo:<\/p>\n\n\n\n<ul>\n<li>Tipo R;<\/li>\n\n\n\n<li>Tipo HS0-N;<\/li>\n\n\n\n<li>Tipo HS-S;<\/li>\n\n\n\n<li>Tipo RU.<\/li>\n<\/ul>\n\n\n\n<h3 class=\"wp-block-heading\">Faca Manual para Corte a Quente HSGM &#8211; Modelo Engel-Cutter<\/h3>\n\n\n\n<p>A cortadora a quente Engel Cutter \u00e9 uma ferramenta robusta para trabalhos manuais de bricolagem para cortes de chapas de isopor de at\u00e9 100mm, bem como cortes especiais (canaletas, vincos, entre outros).<\/p>\n\n\n\n<p>A l\u00e2mina &#8211; que \u00e9 diretamente aquecida por um transformador interno &#8211; atinge a temperatura de aprox. 500\u00b0C em apenas 10 segundos e \u00e9 acionada por um gatilho manual, de f\u00e1cil manuseio.<\/p>\n\n\n\n<p>Esse equipamento conta com sete modelos, que podem ser utilizados em diferentes aplica\u00e7\u00f5es:<\/p>\n\n\n<div class=\"wp-block-image is-style-rounded\">\n<figure class=\"alignright size-full is-resized\"><img decoding=\"async\" loading=\"lazy\" src=\"http:\/\/avisobr.com\/blog\/wp-content\/uploads\/2023\/09\/facas-de-corte-a-quente-isopor.jpg\" alt=\"\" class=\"wp-image-80\" width=\"255\" height=\"169\" srcset=\"https:\/\/avisobr.com\/blog\/wp-content\/uploads\/2023\/09\/facas-de-corte-a-quente-isopor.jpg 523w, https:\/\/avisobr.com\/blog\/wp-content\/uploads\/2023\/09\/facas-de-corte-a-quente-isopor-300x198.jpg 300w\" sizes=\"(max-width: 255px) 100vw, 255px\" \/><\/figure><\/div>\n\n\n<ul>\n<li>C-70;<\/li>\n\n\n\n<li>C-100;<\/li>\n\n\n\n<li>CN-14;<\/li>\n\n\n\n<li>CN-16;<\/li>\n\n\n\n<li>CR-20;<\/li>\n\n\n\n<li>CS-20;<\/li>\n\n\n\n<li>CV-20.<\/li>\n<\/ul>\n\n\n\n<h2 class=\"wp-block-heading\">Entre em contato com a Aviso BR e compre suas facas de corte a quente!<\/h2>\n\n\n\n<p>Se voc\u00ea deseja encontrar as melhores facas de corte a quente, saiba que a Aviso BR \u00e9 capaz de ofertar sempre solu\u00e7\u00f5es de qualidade, conforme as suas necessidades e demandas espec\u00edficas.<\/p>\n\n\n\n<p>Quer conhecer mais detalhes sobre como funciona nossa atua\u00e7\u00e3o na comercializa\u00e7\u00e3o de facas de corte a quente?<\/p>\n\n\n<div class=\"wp-block-image\">\n<figure class=\"aligncenter size-full\"><a href=\"https:\/\/avisobr.com\/router-cnc-contato\"><img decoding=\"async\" src=\"http:\/\/avisobr.com\/blog\/wp-content\/uploads\/2023\/09\/cta.jpg\" alt=\"\" class=\"wp-image-81\"\/><\/a><\/figure><\/div>\n\n\n<p><a href=\"https:\/\/avisobr.com\/router-cnc-contato\">Entre em contato<\/a> conosco ou acesse a nossa <a href=\"https:\/\/loja.avisobr.com\/\">loja<\/a> e conhe\u00e7a todas as nossas solu\u00e7\u00f5es, al\u00e9m de garantir solu\u00e7\u00f5es \u00fanicas para cada uma das suas necessidades.<\/p>\n","protected":false},"excerpt":{"rendered":"<p>As facas de corte a quente s\u00e3o produtos muito procurados na ind\u00fastria para facilitar a realiza\u00e7\u00e3o de servi\u00e7os na ind\u00fastria metal\u00fargica com maior praticidade e qualidade, garantindo maior efici\u00eancia e produtividade para a empresa daqueles que utilizam o equipamento. As&#8230;<\/p>\n","protected":false},"author":1,"featured_media":83,"comment_status":"open","ping_status":"open","sticky":false,"template":"","format":"standard","meta":[],"categories":[17],"tags":[229,230,233,234,235,236,245,247,261,249,243,241,259,255,257,251,239,253,246,248,262,250,244,242,260,256,258,252,240,254,231,232,237,238,227,228],"yoast_head":"<!-- This site is optimized with the Yoast SEO plugin v20.2.1 - https:\/\/yoast.com\/wordpress\/plugins\/seo\/ -->\n<title>Quais s\u00e3o as facas de corte a quente e como utilizar? - Aviso BR<\/title>\n<meta name=\"description\" content=\"As facas de corte a quente s\u00e3o produtos essenciais para garantir maior facilidade na realiza\u00e7\u00e3o de servi\u00e7os em diversos segmentos. Saiba mais em nosso blog!\" \/>\n<meta name=\"robots\" content=\"index, follow, max-snippet:-1, max-image-preview:large, max-video-preview:-1\" \/>\n<link rel=\"canonical\" href=\"https:\/\/avisobr.com\/blog\/faca-de-corte-a-quente\/quais-sao-as-facas-de-corte-a-quente-e-como-utilizar\/\" \/>\n<meta property=\"og:locale\" content=\"en_US\" \/>\n<meta property=\"og:type\" content=\"article\" \/>\n<meta property=\"og:title\" content=\"Quais s\u00e3o as facas de corte a quente e como utilizar? - Aviso BR\" \/>\n<meta property=\"og:description\" content=\"As facas de corte a quente s\u00e3o produtos essenciais para garantir maior facilidade na realiza\u00e7\u00e3o de servi\u00e7os em diversos segmentos. Saiba mais em nosso blog!\" \/>\n<meta property=\"og:url\" content=\"https:\/\/avisobr.com\/blog\/faca-de-corte-a-quente\/quais-sao-as-facas-de-corte-a-quente-e-como-utilizar\/\" \/>\n<meta property=\"og:site_name\" content=\"Aviso BR\" \/>\n<meta property=\"article:published_time\" content=\"2023-09-05T15:15:12+00:00\" \/>\n<meta property=\"article:modified_time\" content=\"2023-09-05T15:15:29+00:00\" \/>\n<meta property=\"og:image\" content=\"https:\/\/avisobr.com\/blog\/wp-content\/uploads\/2023\/09\/imagem_2023-09-05_121427293.png\" \/>\n\t<meta property=\"og:image:width\" content=\"1260\" \/>\n\t<meta property=\"og:image:height\" content=\"1200\" \/>\n\t<meta property=\"og:image:type\" content=\"image\/png\" \/>\n<meta name=\"author\" content=\"avisobr\" \/>\n<meta name=\"twitter:card\" content=\"summary_large_image\" \/>\n<meta name=\"twitter:label1\" content=\"Written by\" \/>\n\t<meta name=\"twitter:data1\" content=\"avisobr\" \/>\n\t<meta name=\"twitter:label2\" content=\"Est. reading time\" \/>\n\t<meta name=\"twitter:data2\" content=\"4 minutes\" \/>\n<script type=\"application\/ld+json\" class=\"yoast-schema-graph\">{\"@context\":\"https:\/\/schema.org\",\"@graph\":[{\"@type\":\"Article\",\"@id\":\"https:\/\/avisobr.com\/blog\/faca-de-corte-a-quente\/quais-sao-as-facas-de-corte-a-quente-e-como-utilizar\/#article\",\"isPartOf\":{\"@id\":\"https:\/\/avisobr.com\/blog\/faca-de-corte-a-quente\/quais-sao-as-facas-de-corte-a-quente-e-como-utilizar\/\"},\"author\":{\"name\":\"avisobr\",\"@id\":\"https:\/\/avisobr.com\/blog\/#\/schema\/person\/75a498ba6647a5f69f9be9113d5c7b5c\"},\"headline\":\"Quais s\u00e3o as facas de corte a quente e como utilizar?\",\"datePublished\":\"2023-09-05T15:15:12+00:00\",\"dateModified\":\"2023-09-05T15:15:29+00:00\",\"mainEntityOfPage\":{\"@id\":\"https:\/\/avisobr.com\/blog\/faca-de-corte-a-quente\/quais-sao-as-facas-de-corte-a-quente-e-como-utilizar\/\"},\"wordCount\":546,\"commentCount\":0,\"publisher\":{\"@id\":\"https:\/\/avisobr.com\/blog\/#organization\"},\"keywords\":[\"Comprar Faca de corte a quente\",\"Comprar Facas de corte a quente\",\"Distribuidor de Faca de corte a quente\",\"Distribuidor de Facas de corte a quente\",\"Distribuidora de Faca de corte a quente\",\"Distribuidora de Facas de corte a quente\",\"Faca de corte a quente em Jaragu\u00e1\",\"Faca de corte a quente em Perdizes\",\"Faca de corte a quente em Pinheiros\",\"Faca de corte a quente em promo\u00e7\u00e3o\",\"Faca de corte a quente em S\u00e3o Paulo\",\"Faca de corte a quente em SP\",\"Faca de corte a quente na Lapa\",\"Faca de corte a quente na zona norte\",\"Faca de corte a quente na zona oeste\",\"Faca de corte a quente perto de mim\",\"Faca de corte a quente pre\u00e7o\",\"Faca de corte a quente pr\u00f3ximo a mim\",\"Facas de corte a quente em Jaragu\u00e1\",\"Facas de corte a quente em Perdizes\",\"Facas de corte a quente em Pinheiros\",\"Facas de corte a quente em promo\u00e7\u00e3o\",\"Facas de corte a quente em S\u00e3o Paulo\",\"Facas de corte a quente em SP\",\"Facas de corte a quente na Lapa\",\"Facas de corte a quente na zona norte\",\"Facas de corte a quente na zona oeste\",\"Facas de corte a quente perto de mim\",\"Facas de corte a quente pre\u00e7o\",\"Facas de corte a quente pr\u00f3ximo a mim\",\"Fornecedor de Faca de corte a quente\",\"Fornecedor de Facas de corte a quente\",\"Loja de Faca de corte a quente\",\"Loja de Facas de corte a quente\",\"Onde encontrar Faca de corte a quente\",\"Onde encontrar Facas de corte a quente\"],\"articleSection\":[\"Faca de corte a quente\"],\"inLanguage\":\"en-US\",\"potentialAction\":[{\"@type\":\"CommentAction\",\"name\":\"Comment\",\"target\":[\"https:\/\/avisobr.com\/blog\/faca-de-corte-a-quente\/quais-sao-as-facas-de-corte-a-quente-e-como-utilizar\/#respond\"]}]},{\"@type\":\"WebPage\",\"@id\":\"https:\/\/avisobr.com\/blog\/faca-de-corte-a-quente\/quais-sao-as-facas-de-corte-a-quente-e-como-utilizar\/\",\"url\":\"https:\/\/avisobr.com\/blog\/faca-de-corte-a-quente\/quais-sao-as-facas-de-corte-a-quente-e-como-utilizar\/\",\"name\":\"Quais s\u00e3o as facas de corte a quente e como utilizar? - Aviso BR\",\"isPartOf\":{\"@id\":\"https:\/\/avisobr.com\/blog\/#website\"},\"datePublished\":\"2023-09-05T15:15:12+00:00\",\"dateModified\":\"2023-09-05T15:15:29+00:00\",\"description\":\"As facas de corte a quente s\u00e3o produtos essenciais para garantir maior facilidade na realiza\u00e7\u00e3o de servi\u00e7os em diversos segmentos. Saiba mais em nosso blog!\",\"breadcrumb\":{\"@id\":\"https:\/\/avisobr.com\/blog\/faca-de-corte-a-quente\/quais-sao-as-facas-de-corte-a-quente-e-como-utilizar\/#breadcrumb\"},\"inLanguage\":\"en-US\",\"potentialAction\":[{\"@type\":\"ReadAction\",\"target\":[\"https:\/\/avisobr.com\/blog\/faca-de-corte-a-quente\/quais-sao-as-facas-de-corte-a-quente-e-como-utilizar\/\"]}]},{\"@type\":\"BreadcrumbList\",\"@id\":\"https:\/\/avisobr.com\/blog\/faca-de-corte-a-quente\/quais-sao-as-facas-de-corte-a-quente-e-como-utilizar\/#breadcrumb\",\"itemListElement\":[{\"@type\":\"ListItem\",\"position\":1,\"name\":\"In\u00edcio\",\"item\":\"https:\/\/avisobr.com\/blog\/\"},{\"@type\":\"ListItem\",\"position\":2,\"name\":\"Quais s\u00e3o as facas de corte a quente e como utilizar?\"}]},{\"@type\":\"WebSite\",\"@id\":\"https:\/\/avisobr.com\/blog\/#website\",\"url\":\"https:\/\/avisobr.com\/blog\/\",\"name\":\"Aviso BR\",\"description\":\"Blog\",\"publisher\":{\"@id\":\"https:\/\/avisobr.com\/blog\/#organization\"},\"potentialAction\":[{\"@type\":\"SearchAction\",\"target\":{\"@type\":\"EntryPoint\",\"urlTemplate\":\"https:\/\/avisobr.com\/blog\/?s={search_term_string}\"},\"query-input\":\"required name=search_term_string\"}],\"inLanguage\":\"en-US\"},{\"@type\":\"Organization\",\"@id\":\"https:\/\/avisobr.com\/blog\/#organization\",\"name\":\"Aviso BR\",\"url\":\"https:\/\/avisobr.com\/blog\/\",\"logo\":{\"@type\":\"ImageObject\",\"inLanguage\":\"en-US\",\"@id\":\"https:\/\/avisobr.com\/blog\/#\/schema\/logo\/image\/\",\"url\":\"https:\/\/avisobr.com\/blog\/wp-content\/uploads\/2022\/06\/aviso-logo.png\",\"contentUrl\":\"https:\/\/avisobr.com\/blog\/wp-content\/uploads\/2022\/06\/aviso-logo.png\",\"width\":239,\"height\":116,\"caption\":\"Aviso BR\"},\"image\":{\"@id\":\"https:\/\/avisobr.com\/blog\/#\/schema\/logo\/image\/\"}},{\"@type\":\"Person\",\"@id\":\"https:\/\/avisobr.com\/blog\/#\/schema\/person\/75a498ba6647a5f69f9be9113d5c7b5c\",\"name\":\"avisobr\",\"image\":{\"@type\":\"ImageObject\",\"inLanguage\":\"en-US\",\"@id\":\"https:\/\/avisobr.com\/blog\/#\/schema\/person\/image\/\",\"url\":\"https:\/\/secure.gravatar.com\/avatar\/98e463f67c3eacea56961c5d60882c01?s=96&d=mm&r=g\",\"contentUrl\":\"https:\/\/secure.gravatar.com\/avatar\/98e463f67c3eacea56961c5d60882c01?s=96&d=mm&r=g\",\"caption\":\"avisobr\"},\"sameAs\":[\"http:\/\/avisobr.com\/blog\"],\"url\":\"https:\/\/avisobr.com\/blog\/author\/avisobr-2\/\"}]}<\/script>\n<!-- \/ Yoast SEO plugin. -->","yoast_head_json":{"title":"Quais s\u00e3o as facas de corte a quente e como utilizar? - Aviso BR","description":"As facas de corte a quente s\u00e3o produtos essenciais para garantir maior facilidade na realiza\u00e7\u00e3o de servi\u00e7os em diversos segmentos. Saiba mais em nosso blog!","robots":{"index":"index","follow":"follow","max-snippet":"max-snippet:-1","max-image-preview":"max-image-preview:large","max-video-preview":"max-video-preview:-1"},"canonical":"https:\/\/avisobr.com\/blog\/faca-de-corte-a-quente\/quais-sao-as-facas-de-corte-a-quente-e-como-utilizar\/","og_locale":"en_US","og_type":"article","og_title":"Quais s\u00e3o as facas de corte a quente e como utilizar? - Aviso BR","og_description":"As facas de corte a quente s\u00e3o produtos essenciais para garantir maior facilidade na realiza\u00e7\u00e3o de servi\u00e7os em diversos segmentos. Saiba mais em nosso blog!","og_url":"https:\/\/avisobr.com\/blog\/faca-de-corte-a-quente\/quais-sao-as-facas-de-corte-a-quente-e-como-utilizar\/","og_site_name":"Aviso BR","article_published_time":"2023-09-05T15:15:12+00:00","article_modified_time":"2023-09-05T15:15:29+00:00","og_image":[{"width":1260,"height":1200,"url":"https:\/\/avisobr.com\/blog\/wp-content\/uploads\/2023\/09\/imagem_2023-09-05_121427293.png","type":"image\/png"}],"author":"avisobr","twitter_card":"summary_large_image","twitter_misc":{"Written by":"avisobr","Est. reading time":"4 minutes"},"schema":{"@context":"https:\/\/schema.org","@graph":[{"@type":"Article","@id":"https:\/\/avisobr.com\/blog\/faca-de-corte-a-quente\/quais-sao-as-facas-de-corte-a-quente-e-como-utilizar\/#article","isPartOf":{"@id":"https:\/\/avisobr.com\/blog\/faca-de-corte-a-quente\/quais-sao-as-facas-de-corte-a-quente-e-como-utilizar\/"},"author":{"name":"avisobr","@id":"https:\/\/avisobr.com\/blog\/#\/schema\/person\/75a498ba6647a5f69f9be9113d5c7b5c"},"headline":"Quais s\u00e3o as facas de corte a quente e como utilizar?","datePublished":"2023-09-05T15:15:12+00:00","dateModified":"2023-09-05T15:15:29+00:00","mainEntityOfPage":{"@id":"https:\/\/avisobr.com\/blog\/faca-de-corte-a-quente\/quais-sao-as-facas-de-corte-a-quente-e-como-utilizar\/"},"wordCount":546,"commentCount":0,"publisher":{"@id":"https:\/\/avisobr.com\/blog\/#organization"},"keywords":["Comprar Faca de corte a quente","Comprar Facas de corte a quente","Distribuidor de Faca de corte a quente","Distribuidor de Facas de corte a quente","Distribuidora de Faca de corte a quente","Distribuidora de Facas de corte a quente","Faca de corte a quente em Jaragu\u00e1","Faca de corte a quente em Perdizes","Faca de corte a quente em Pinheiros","Faca de corte a quente em promo\u00e7\u00e3o","Faca de corte a quente em S\u00e3o Paulo","Faca de corte a quente em SP","Faca de corte a quente na Lapa","Faca de corte a quente na zona norte","Faca de corte a quente na zona oeste","Faca de corte a quente perto de mim","Faca de corte a quente pre\u00e7o","Faca de corte a quente pr\u00f3ximo a mim","Facas de corte a quente em Jaragu\u00e1","Facas de corte a quente em Perdizes","Facas de corte a quente em Pinheiros","Facas de corte a quente em promo\u00e7\u00e3o","Facas de corte a quente em S\u00e3o Paulo","Facas de corte a quente em SP","Facas de corte a quente na Lapa","Facas de corte a quente na zona norte","Facas de corte a quente na zona oeste","Facas de corte a quente perto de mim","Facas de corte a quente pre\u00e7o","Facas de corte a quente pr\u00f3ximo a mim","Fornecedor de Faca de corte a quente","Fornecedor de Facas de corte a quente","Loja de Faca de corte a quente","Loja de Facas de corte a quente","Onde encontrar Faca de corte a quente","Onde encontrar Facas de corte a quente"],"articleSection":["Faca de corte a quente"],"inLanguage":"en-US","potentialAction":[{"@type":"CommentAction","name":"Comment","target":["https:\/\/avisobr.com\/blog\/faca-de-corte-a-quente\/quais-sao-as-facas-de-corte-a-quente-e-como-utilizar\/#respond"]}]},{"@type":"WebPage","@id":"https:\/\/avisobr.com\/blog\/faca-de-corte-a-quente\/quais-sao-as-facas-de-corte-a-quente-e-como-utilizar\/","url":"https:\/\/avisobr.com\/blog\/faca-de-corte-a-quente\/quais-sao-as-facas-de-corte-a-quente-e-como-utilizar\/","name":"Quais s\u00e3o as facas de corte a quente e como utilizar? - Aviso BR","isPartOf":{"@id":"https:\/\/avisobr.com\/blog\/#website"},"datePublished":"2023-09-05T15:15:12+00:00","dateModified":"2023-09-05T15:15:29+00:00","description":"As facas de corte a quente s\u00e3o produtos essenciais para garantir maior facilidade na realiza\u00e7\u00e3o de servi\u00e7os em diversos segmentos. Saiba mais em nosso blog!","breadcrumb":{"@id":"https:\/\/avisobr.com\/blog\/faca-de-corte-a-quente\/quais-sao-as-facas-de-corte-a-quente-e-como-utilizar\/#breadcrumb"},"inLanguage":"en-US","potentialAction":[{"@type":"ReadAction","target":["https:\/\/avisobr.com\/blog\/faca-de-corte-a-quente\/quais-sao-as-facas-de-corte-a-quente-e-como-utilizar\/"]}]},{"@type":"BreadcrumbList","@id":"https:\/\/avisobr.com\/blog\/faca-de-corte-a-quente\/quais-sao-as-facas-de-corte-a-quente-e-como-utilizar\/#breadcrumb","itemListElement":[{"@type":"ListItem","position":1,"name":"In\u00edcio","item":"https:\/\/avisobr.com\/blog\/"},{"@type":"ListItem","position":2,"name":"Quais s\u00e3o as facas de corte a quente e como utilizar?"}]},{"@type":"WebSite","@id":"https:\/\/avisobr.com\/blog\/#website","url":"https:\/\/avisobr.com\/blog\/","name":"Aviso BR","description":"Blog","publisher":{"@id":"https:\/\/avisobr.com\/blog\/#organization"},"potentialAction":[{"@type":"SearchAction","target":{"@type":"EntryPoint","urlTemplate":"https:\/\/avisobr.com\/blog\/?s={search_term_string}"},"query-input":"required name=search_term_string"}],"inLanguage":"en-US"},{"@type":"Organization","@id":"https:\/\/avisobr.com\/blog\/#organization","name":"Aviso BR","url":"https:\/\/avisobr.com\/blog\/","logo":{"@type":"ImageObject","inLanguage":"en-US","@id":"https:\/\/avisobr.com\/blog\/#\/schema\/logo\/image\/","url":"https:\/\/avisobr.com\/blog\/wp-content\/uploads\/2022\/06\/aviso-logo.png","contentUrl":"https:\/\/avisobr.com\/blog\/wp-content\/uploads\/2022\/06\/aviso-logo.png","width":239,"height":116,"caption":"Aviso BR"},"image":{"@id":"https:\/\/avisobr.com\/blog\/#\/schema\/logo\/image\/"}},{"@type":"Person","@id":"https:\/\/avisobr.com\/blog\/#\/schema\/person\/75a498ba6647a5f69f9be9113d5c7b5c","name":"avisobr","image":{"@type":"ImageObject","inLanguage":"en-US","@id":"https:\/\/avisobr.com\/blog\/#\/schema\/person\/image\/","url":"https:\/\/secure.gravatar.com\/avatar\/98e463f67c3eacea56961c5d60882c01?s=96&d=mm&r=g","contentUrl":"https:\/\/secure.gravatar.com\/avatar\/98e463f67c3eacea56961c5d60882c01?s=96&d=mm&r=g","caption":"avisobr"},"sameAs":["http:\/\/avisobr.com\/blog"],"url":"https:\/\/avisobr.com\/blog\/author\/avisobr-2\/"}]}},"_links":{"self":[{"href":"https:\/\/avisobr.com\/blog\/wp-json\/wp\/v2\/posts\/78"}],"collection":[{"href":"https:\/\/avisobr.com\/blog\/wp-json\/wp\/v2\/posts"}],"about":[{"href":"https:\/\/avisobr.com\/blog\/wp-json\/wp\/v2\/types\/post"}],"author":[{"embeddable":true,"href":"https:\/\/avisobr.com\/blog\/wp-json\/wp\/v2\/users\/1"}],"replies":[{"embeddable":true,"href":"https:\/\/avisobr.com\/blog\/wp-json\/wp\/v2\/comments?post=78"}],"version-history":[{"count":1,"href":"https:\/\/avisobr.com\/blog\/wp-json\/wp\/v2\/posts\/78\/revisions"}],"predecessor-version":[{"id":82,"href":"https:\/\/avisobr.com\/blog\/wp-json\/wp\/v2\/posts\/78\/revisions\/82"}],"wp:featuredmedia":[{"embeddable":true,"href":"https:\/\/avisobr.com\/blog\/wp-json\/wp\/v2\/media\/83"}],"wp:attachment":[{"href":"https:\/\/avisobr.com\/blog\/wp-json\/wp\/v2\/media?parent=78"}],"wp:term":[{"taxonomy":"category","embeddable":true,"href":"https:\/\/avisobr.com\/blog\/wp-json\/wp\/v2\/categories?post=78"},{"taxonomy":"post_tag","embeddable":true,"href":"https:\/\/avisobr.com\/blog\/wp-json\/wp\/v2\/tags?post=78"}],"curies":[{"name":"wp","href":"https:\/\/api.w.org\/{rel}","templated":true}]}}